{"id":2679,"date":"2022-03-16T14:01:58","date_gmt":"2022-03-16T13:01:58","guid":{"rendered":"https:\/\/www.haus-donauschwaben.de\/wordpress\/?p=2679"},"modified":"2022-03-16T14:13:35","modified_gmt":"2022-03-16T13:13:35","slug":"solidaritaet-mit-der-leidgeprueften-bevoelkerung-der-ukraine","status":"publish","type":"post","link":"https:\/\/www.haus-donauschwaben.de\/wordpress\/solidaritaet-mit-der-leidgeprueften-bevoelkerung-der-ukraine\/","title":{"rendered":"Solidarit\u00e4t mit der leidgepr\u00fcften Bev\u00f6lkerung der Ukraine"},"content":{"rendered":"\n<p>Ein Statement von Hans Supritz, dem Bundesvorsitzenden der Landsmannschaft der Donauschwaben e. V.:<\/p>\n<p><em>Liebe Freunde!<\/em><\/p>\n<p><em>Nur ein paar Worte zu den derzeitigen uns bedr\u00fcckenden Geschehnissen in der Ukraine!\u00a0<\/em><\/p>\n<p><!--more--><em><a href=\"https:\/\/www.haus-donauschwaben.de\/wordpress\/wp-content\/uploads\/2022\/03\/ukraine-ukraine-flag.gif\"><img loading=\"lazy\" decoding=\"async\" class=\"size-medium wp-image-2682 alignleft\" src=\"https:\/\/www.haus-donauschwaben.de\/wordpress\/wp-content\/uploads\/2022\/03\/ukraine-ukraine-flag-300x300.gif\" alt=\"\" width=\"300\" height=\"300\" srcset=\"https:\/\/www.haus-donauschwaben.de\/wordpress\/wp-content\/uploads\/2022\/03\/ukraine-ukraine-flag-300x300.gif 300w, https:\/\/www.haus-donauschwaben.de\/wordpress\/wp-content\/uploads\/2022\/03\/ukraine-ukraine-flag-150x150.gif 150w, https:\/\/www.haus-donauschwaben.de\/wordpress\/wp-content\/uploads\/2022\/03\/ukraine-ukraine-flag-270x270.gif 270w\" sizes=\"(max-width: 300px) 100vw, 300px\" \/><\/a>Die Donauschwaben sind eine Schicksalsgemeinschaft, die am eigenem Leib erfahren hat, was es bedeutet, <\/em><em>unter Kriegseinwirkung, durch die Rote Armee und den Tito Partisanen, aus der Heimat, nur mit dem allerwichtigsten <\/em><em>Habseligkeiten, fl\u00fcchten zu m\u00fcssen und was noch schlimmer ist, dass ein gro\u00dfer Teil der Donauschwaben mit Gewalt <\/em><em>von Haus und Hof vertrieben wurden und in diese geliebte Heimat nie wieder zur\u00fcckkehren durften. Verfolgung, <\/em><em>viele Jahre in Konzentrationslagern und Zwangsarbeit mit vielen Toten, waren die schreckliche Bilanz, die bis heute <\/em><em>noch bei den Betroffenen und ihren Nachkommen Seelenschmerzen verursacht! Es war damals ein V\u00f6lkermord an unserem Volksstamm und davon spricht man heute auch schon \u00fcber die schrecklichen Geschehnisse in der Ukraine!<\/em><\/p>\n<p><em>Die Solidarit\u00e4t mit den Ukrainern muss uns gerade deswegen eine Verpflichtung sein und wir m\u00fcssen fest an ihrer Seite <\/em><em>stehen und sie nach Kr\u00e4ften unterst\u00fctzen, der Demokratie gegen die russische Aggression zum Sieg zu verhelfen. \u00a0<\/em><\/p>\n<p><em>Ich denke, wir sollten unsere aus eigener Erfahrung gepr\u00e4gte Solidarit\u00e4t deutlich zum Ausdruck bringen, und zwar auch auf unseren Webseiten<\/em><em>!<\/em><\/p>\n<p><em>Mit landsm\u00e4nnischen Gr\u00fc\u00dfen,<br \/><\/em><em>Hans Supritz<\/em><br \/><br \/><\/p>\n<p>\u00a0<\/p>\n","protected":false},"excerpt":{"rendered":"<p>Ein Statement von Hans Supritz, dem Bundesvorsitzenden der Landsmannschaft der Donauschwaben e. V.: Liebe Freunde! Nur ein paar Worte zu den derzeitigen uns bedr\u00fcckenden Geschehnissen in der Ukraine!\u00a0<\/p>\n","protected":false},"author":6,"featured_media":0,"comment_status":"closed","ping_status":"closed","sticky":false,"template":"","format":"standard","meta":{"footnotes":""},"categories":[1],"tags":[],"_links":{"self":[{"href":"https:\/\/www.haus-donauschwaben.de\/wordpress\/wp-json\/wp\/v2\/posts\/2679"}],"collection":[{"href":"https:\/\/www.haus-donauschwaben.de\/wordpress\/wp-json\/wp\/v2\/posts"}],"about":[{"href":"https:\/\/www.haus-donauschwaben.de\/wordpress\/wp-json\/wp\/v2\/types\/post"}],"author":[{"embeddable":true,"href":"https:\/\/www.haus-donauschwaben.de\/wordpress\/wp-json\/wp\/v2\/users\/6"}],"replies":[{"embeddable":true,"href":"https:\/\/www.haus-donauschwaben.de\/wordpress\/wp-json\/wp\/v2\/comments?post=2679"}],"version-history":[{"count":0,"href":"https:\/\/www.haus-donauschwaben.de\/wordpress\/wp-json\/wp\/v2\/posts\/2679\/revisions"}],"wp:attachment":[{"href":"https:\/\/www.haus-donauschwaben.de\/wordpress\/wp-json\/wp\/v2\/media?parent=2679"}],"wp:term":[{"taxonomy":"category","embeddable":true,"href":"https:\/\/www.haus-donauschwaben.de\/wordpress\/wp-json\/wp\/v2\/categories?post=2679"},{"taxonomy":"post_tag","embeddable":true,"href":"https:\/\/www.haus-donauschwaben.de\/wordpress\/wp-json\/wp\/v2\/tags?post=2679"}],"curies":[{"name":"wp","href":"https:\/\/api.w.org\/{rel}","templated":true}]}}